{"id":9865,"date":"2019-01-19T19:40:40","date_gmt":"2019-01-19T16:40:40","guid":{"rendered":"http:\/\/www.bakirkoyrotaract.org\/tr\/?p=9865"},"modified":"2020-05-17T19:50:02","modified_gmt":"2020-05-17T16:50:02","slug":"bakirkoy-rac-rem-oresunddaydi","status":"publish","type":"post","link":"https:\/\/www.bakirkoyrotaract.org\/tr\/bakirkoy-rac-rem-oresunddaydi\/","title":{"rendered":"Bak\u0131rk\u00f6y RAC REM \u00d8resund&#8217;dayd\u0131"},"content":{"rendered":"<p>2018 \u2013 2019 d\u00f6neminde Danimarka ve \u0130sve\u00e7&#8217;in Kopenhag &#8211; Malm\u00f6 kentlerine d\u00fczenlenen REM (Rotaract European Meeting) T\u00fcrk delegasyonunda yerimizi ald\u0131k.\u00a0<\/p>\n\n\n<p><\/p>\n","protected":false},"excerpt":{"rendered":"<p>2018 \u2013 2019 d\u00f6neminde Danimarka ve \u0130sve\u00e7&#8217;in Kopenhag &#8211; Malm\u00f6 kentlerine d\u00fczenlenen REM (Rotaract European Meeting) T\u00fcrk delegasyonunda yerimizi ald\u0131k.\u00a0<\/p>\n","protected":false},"author":2,"featured_media":9867,"comment_status":"open","ping_status":"open","sticky":false,"template":"","format":"standard","meta":{"footnotes":""},"categories":[72],"tags":[],"class_list":["post-9865","post","type-post","status-publish","format-standard","has-post-thumbnail","hentry","category-haberler"],"_links":{"self":[{"href":"https:\/\/www.bakirkoyrotaract.org\/tr\/wp-json\/wp\/v2\/posts\/9865","targetHints":{"allow":["GET"]}}],"collection":[{"href":"https:\/\/www.bakirkoyrotaract.org\/tr\/wp-json\/wp\/v2\/posts"}],"about":[{"href":"https:\/\/www.bakirkoyrotaract.org\/tr\/wp-json\/wp\/v2\/types\/post"}],"author":[{"embeddable":true,"href":"https:\/\/www.bakirkoyrotaract.org\/tr\/wp-json\/wp\/v2\/users\/2"}],"replies":[{"embeddable":true,"href":"https:\/\/www.bakirkoyrotaract.org\/tr\/wp-json\/wp\/v2\/comments?post=9865"}],"version-history":[{"count":1,"href":"https:\/\/www.bakirkoyrotaract.org\/tr\/wp-json\/wp\/v2\/posts\/9865\/revisions"}],"predecessor-version":[{"id":9868,"href":"https:\/\/www.bakirkoyrotaract.org\/tr\/wp-json\/wp\/v2\/posts\/9865\/revisions\/9868"}],"wp:featuredmedia":[{"embeddable":true,"href":"https:\/\/www.bakirkoyrotaract.org\/tr\/wp-json\/wp\/v2\/media\/9867"}],"wp:attachment":[{"href":"https:\/\/www.bakirkoyrotaract.org\/tr\/wp-json\/wp\/v2\/media?parent=9865"}],"wp:term":[{"taxonomy":"category","embeddable":true,"href":"https:\/\/www.bakirkoyrotaract.org\/tr\/wp-json\/wp\/v2\/categories?post=9865"},{"taxonomy":"post_tag","embeddable":true,"href":"https:\/\/www.bakirkoyrotaract.org\/tr\/wp-json\/wp\/v2\/tags?post=9865"}],"curies":[{"name":"wp","href":"https:\/\/api.w.org\/{rel}","templated":true}]}}