{"id":9794,"date":"2019-04-04T16:39:51","date_gmt":"2019-04-04T13:39:51","guid":{"rendered":"http:\/\/www.bakirkoyrotaract.org\/tr\/?p=9794"},"modified":"2019-06-02T16:52:47","modified_gmt":"2019-06-02T13:52:47","slug":"04-04-2019-satrancla-buyuyorum-71-ordu-kabaduz-cok-programli-anadolu-lisesi","status":"publish","type":"post","link":"https:\/\/www.bakirkoyrotaract.org\/tr\/04-04-2019-satrancla-buyuyorum-71-ordu-kabaduz-cok-programli-anadolu-lisesi\/","title":{"rendered":"04.04.2019 \/ Satran\u00e7la B\u00fcy\u00fcyorum #71 [Ordu &#8211; Kabad\u00fcz \u00c7ok Programl\u0131 Anadolu Lisesi]"},"content":{"rendered":"<p>Satran\u00e7la B\u00fcy\u00fcyorum Ordu-Giresun aya\u011f\u0131n\u0131n 13. toplamda ise 71. okulu olan Ordu &#8211; Kabad\u00fcz \u00c7ok Programl\u0131 Anadolu Lisesi&#8217;ne 04.04.2019 tarihinde 2 adet okul tipi satran\u00e7 seti teslim edildi.<\/p>\n<div id='gallery-1' class='gallery galleryid-9794 gallery-columns-4 gallery-size-thumbnail'><figure class='gallery-item'>\n\t\t\t<div class='gallery-icon landscape'>\n\t\t\t\t<a href='https:\/\/www.bakirkoyrotaract.org\/tr\/wp-content\/uploads\/2019\/04\/WhatsApp-Image-2019-06-02-at-14.21.49-1.jpeg'><img loading=\"lazy\" decoding=\"async\" width=\"150\" height=\"150\" src=\"https:\/\/www.bakirkoyrotaract.org\/tr\/wp-content\/uploads\/2019\/04\/WhatsApp-Image-2019-06-02-at-14.21.49-1-150x150.jpeg\" class=\"attachment-thumbnail size-thumbnail\" alt=\"\" \/><\/a>\n\t\t\t<\/div><\/figure><figure class='gallery-item'>\n\t\t\t<div class='gallery-icon landscape'>\n\t\t\t\t<a href='https:\/\/www.bakirkoyrotaract.org\/tr\/wp-content\/uploads\/2019\/04\/WhatsApp-Image-2019-06-02-at-14.21.49.jpeg'><img loading=\"lazy\" decoding=\"async\" width=\"150\" height=\"150\" src=\"https:\/\/www.bakirkoyrotaract.org\/tr\/wp-content\/uploads\/2019\/04\/WhatsApp-Image-2019-06-02-at-14.21.49-150x150.jpeg\" class=\"attachment-thumbnail size-thumbnail\" alt=\"\" \/><\/a>\n\t\t\t<\/div><\/figure>\n\t\t<\/div>\n\n","protected":false},"excerpt":{"rendered":"<p>Satran\u00e7la B\u00fcy\u00fcyorum Ordu-Giresun aya\u011f\u0131n\u0131n 13. toplamda ise 71. okulu olan Ordu &#8211; Kabad\u00fcz \u00c7ok Programl\u0131 Anadolu Lisesi&#8217;ne 04.04.2019 tarihinde 2 adet okul tipi satran\u00e7 seti teslim edildi.<\/p>\n","protected":false},"author":2,"featured_media":9798,"comment_status":"open","ping_status":"open","sticky":false,"template":"","format":"standard","meta":{"footnotes":""},"categories":[71,1,56],"tags":[],"class_list":["post-9794","post","type-post","status-publish","format-standard","has-post-thumbnail","hentry","category-2018-2019","category-genel","category-hpk"],"_links":{"self":[{"href":"https:\/\/www.bakirkoyrotaract.org\/tr\/wp-json\/wp\/v2\/posts\/9794","targetHints":{"allow":["GET"]}}],"collection":[{"href":"https:\/\/www.bakirkoyrotaract.org\/tr\/wp-json\/wp\/v2\/posts"}],"about":[{"href":"https:\/\/www.bakirkoyrotaract.org\/tr\/wp-json\/wp\/v2\/types\/post"}],"author":[{"embeddable":true,"href":"https:\/\/www.bakirkoyrotaract.org\/tr\/wp-json\/wp\/v2\/users\/2"}],"replies":[{"embeddable":true,"href":"https:\/\/www.bakirkoyrotaract.org\/tr\/wp-json\/wp\/v2\/comments?post=9794"}],"version-history":[{"count":2,"href":"https:\/\/www.bakirkoyrotaract.org\/tr\/wp-json\/wp\/v2\/posts\/9794\/revisions"}],"predecessor-version":[{"id":9799,"href":"https:\/\/www.bakirkoyrotaract.org\/tr\/wp-json\/wp\/v2\/posts\/9794\/revisions\/9799"}],"wp:featuredmedia":[{"embeddable":true,"href":"https:\/\/www.bakirkoyrotaract.org\/tr\/wp-json\/wp\/v2\/media\/9798"}],"wp:attachment":[{"href":"https:\/\/www.bakirkoyrotaract.org\/tr\/wp-json\/wp\/v2\/media?parent=9794"}],"wp:term":[{"taxonomy":"category","embeddable":true,"href":"https:\/\/www.bakirkoyrotaract.org\/tr\/wp-json\/wp\/v2\/categories?post=9794"},{"taxonomy":"post_tag","embeddable":true,"href":"https:\/\/www.bakirkoyrotaract.org\/tr\/wp-json\/wp\/v2\/tags?post=9794"}],"curies":[{"name":"wp","href":"https:\/\/api.w.org\/{rel}","templated":true}]}}