{"id":4901,"date":"2013-08-25T15:25:37","date_gmt":"2013-08-25T12:25:37","guid":{"rendered":"http:\/\/www.bakirkoyrotaract.org\/tr\/?p=4901"},"modified":"2018-12-18T12:34:40","modified_gmt":"2018-12-18T09:34:40","slug":"25-08-2013-kayisdagi-darulaceze-ziyareti","status":"publish","type":"post","link":"https:\/\/www.bakirkoyrotaract.org\/tr\/25-08-2013-kayisdagi-darulaceze-ziyareti\/","title":{"rendered":"25.08.2013 \/ Kay\u0131\u015fda\u011f\u0131 Dar\u00fclaceze Ziyareti"},"content":{"rendered":"<p>D\u00f6nemin ikinci huzur evi ziyareti olan Kay\u0131\u015fda\u011f\u0131 Dar\u00fclaceze Ziyareti 25.08.2013 tarihinde ger\u00e7ekle\u015ftirildi.<\/p>\n<div id='gallery-1' class='gallery galleryid-4901 gallery-columns-4 gallery-size-thumbnail'><figure class='gallery-item'>\n\t\t\t<div class='gallery-icon landscape'>\n\t\t\t\t<a href='https:\/\/www.bakirkoyrotaract.org\/tr\/wp-content\/uploads\/2018\/08\/25-08-2013-kayisdagi-darulaceze-ziyareti-8.jpg'><img loading=\"lazy\" decoding=\"async\" width=\"150\" height=\"150\" src=\"https:\/\/www.bakirkoyrotaract.org\/tr\/wp-content\/uploads\/2018\/08\/25-08-2013-kayisdagi-darulaceze-ziyareti-8-150x150.jpg\" class=\"attachment-thumbnail size-thumbnail\" alt=\"\" \/><\/a>\n\t\t\t<\/div><\/figure><figure class='gallery-item'>\n\t\t\t<div class='gallery-icon landscape'>\n\t\t\t\t<a href='https:\/\/www.bakirkoyrotaract.org\/tr\/wp-content\/uploads\/2018\/08\/25-08-2013-kayisdagi-darulaceze-ziyareti-7.jpg'><img loading=\"lazy\" decoding=\"async\" width=\"150\" height=\"150\" src=\"https:\/\/www.bakirkoyrotaract.org\/tr\/wp-content\/uploads\/2018\/08\/25-08-2013-kayisdagi-darulaceze-ziyareti-7-150x150.jpg\" class=\"attachment-thumbnail size-thumbnail\" alt=\"\" \/><\/a>\n\t\t\t<\/div><\/figure><figure class='gallery-item'>\n\t\t\t<div class='gallery-icon landscape'>\n\t\t\t\t<a href='https:\/\/www.bakirkoyrotaract.org\/tr\/wp-content\/uploads\/2018\/08\/25-08-2013-kayisdagi-darulaceze-ziyareti-6.jpg'><img loading=\"lazy\" decoding=\"async\" width=\"150\" height=\"150\" src=\"https:\/\/www.bakirkoyrotaract.org\/tr\/wp-content\/uploads\/2018\/08\/25-08-2013-kayisdagi-darulaceze-ziyareti-6-150x150.jpg\" class=\"attachment-thumbnail size-thumbnail\" alt=\"\" \/><\/a>\n\t\t\t<\/div><\/figure><figure class='gallery-item'>\n\t\t\t<div class='gallery-icon landscape'>\n\t\t\t\t<a href='https:\/\/www.bakirkoyrotaract.org\/tr\/wp-content\/uploads\/2018\/08\/25-08-2013-kayisdagi-darulaceze-ziyareti-5.jpg'><img loading=\"lazy\" decoding=\"async\" width=\"150\" height=\"150\" src=\"https:\/\/www.bakirkoyrotaract.org\/tr\/wp-content\/uploads\/2018\/08\/25-08-2013-kayisdagi-darulaceze-ziyareti-5-150x150.jpg\" class=\"attachment-thumbnail size-thumbnail\" alt=\"\" \/><\/a>\n\t\t\t<\/div><\/figure><figure class='gallery-item'>\n\t\t\t<div class='gallery-icon landscape'>\n\t\t\t\t<a href='https:\/\/www.bakirkoyrotaract.org\/tr\/wp-content\/uploads\/2018\/08\/25-08-2013-kayisdagi-darulaceze-ziyareti-4.jpg'><img loading=\"lazy\" decoding=\"async\" width=\"150\" height=\"150\" src=\"https:\/\/www.bakirkoyrotaract.org\/tr\/wp-content\/uploads\/2018\/08\/25-08-2013-kayisdagi-darulaceze-ziyareti-4-150x150.jpg\" class=\"attachment-thumbnail size-thumbnail\" alt=\"\" \/><\/a>\n\t\t\t<\/div><\/figure><figure class='gallery-item'>\n\t\t\t<div class='gallery-icon landscape'>\n\t\t\t\t<a href='https:\/\/www.bakirkoyrotaract.org\/tr\/wp-content\/uploads\/2018\/08\/25-08-2013-kayisdagi-darulaceze-ziyareti-3.jpg'><img loading=\"lazy\" decoding=\"async\" width=\"150\" height=\"150\" src=\"https:\/\/www.bakirkoyrotaract.org\/tr\/wp-content\/uploads\/2018\/08\/25-08-2013-kayisdagi-darulaceze-ziyareti-3-150x150.jpg\" class=\"attachment-thumbnail size-thumbnail\" alt=\"\" \/><\/a>\n\t\t\t<\/div><\/figure><figure class='gallery-item'>\n\t\t\t<div class='gallery-icon landscape'>\n\t\t\t\t<a href='https:\/\/www.bakirkoyrotaract.org\/tr\/wp-content\/uploads\/2018\/08\/25-08-2013-kayisdagi-darulaceze-ziyareti-2.jpg'><img loading=\"lazy\" decoding=\"async\" width=\"150\" height=\"150\" src=\"https:\/\/www.bakirkoyrotaract.org\/tr\/wp-content\/uploads\/2018\/08\/25-08-2013-kayisdagi-darulaceze-ziyareti-2-150x150.jpg\" class=\"attachment-thumbnail size-thumbnail\" alt=\"\" \/><\/a>\n\t\t\t<\/div><\/figure><figure class='gallery-item'>\n\t\t\t<div class='gallery-icon landscape'>\n\t\t\t\t<a href='https:\/\/www.bakirkoyrotaract.org\/tr\/wp-content\/uploads\/2018\/08\/25-08-2013-kayisdagi-darulaceze-ziyareti-1.jpg'><img loading=\"lazy\" decoding=\"async\" width=\"150\" height=\"150\" src=\"https:\/\/www.bakirkoyrotaract.org\/tr\/wp-content\/uploads\/2018\/08\/25-08-2013-kayisdagi-darulaceze-ziyareti-1-150x150.jpg\" class=\"attachment-thumbnail size-thumbnail\" alt=\"\" \/><\/a>\n\t\t\t<\/div><\/figure>\n\t\t<\/div>\n\n","protected":false},"excerpt":{"rendered":"<p>D\u00f6nemin ikinci huzur evi ziyareti olan Kay\u0131\u015fda\u011f\u0131 Dar\u00fclaceze Ziyareti 25.08.2013 tarihinde ger\u00e7ekle\u015ftirildi.<\/p>\n","protected":false},"author":1,"featured_media":4902,"comment_status":"closed","ping_status":"open","sticky":false,"template":"","format":"standard","meta":{"footnotes":""},"categories":[66,1,56],"tags":[],"class_list":["post-4901","post","type-post","status-publish","format-standard","has-post-thumbnail","hentry","category-2013-2014","category-genel","category-hpk"],"_links":{"self":[{"href":"https:\/\/www.bakirkoyrotaract.org\/tr\/wp-json\/wp\/v2\/posts\/4901","targetHints":{"allow":["GET"]}}],"collection":[{"href":"https:\/\/www.bakirkoyrotaract.org\/tr\/wp-json\/wp\/v2\/posts"}],"about":[{"href":"https:\/\/www.bakirkoyrotaract.org\/tr\/wp-json\/wp\/v2\/types\/post"}],"author":[{"embeddable":true,"href":"https:\/\/www.bakirkoyrotaract.org\/tr\/wp-json\/wp\/v2\/users\/1"}],"replies":[{"embeddable":true,"href":"https:\/\/www.bakirkoyrotaract.org\/tr\/wp-json\/wp\/v2\/comments?post=4901"}],"version-history":[{"count":5,"href":"https:\/\/www.bakirkoyrotaract.org\/tr\/wp-json\/wp\/v2\/posts\/4901\/revisions"}],"predecessor-version":[{"id":6120,"href":"https:\/\/www.bakirkoyrotaract.org\/tr\/wp-json\/wp\/v2\/posts\/4901\/revisions\/6120"}],"wp:featuredmedia":[{"embeddable":true,"href":"https:\/\/www.bakirkoyrotaract.org\/tr\/wp-json\/wp\/v2\/media\/4902"}],"wp:attachment":[{"href":"https:\/\/www.bakirkoyrotaract.org\/tr\/wp-json\/wp\/v2\/media?parent=4901"}],"wp:term":[{"taxonomy":"category","embeddable":true,"href":"https:\/\/www.bakirkoyrotaract.org\/tr\/wp-json\/wp\/v2\/categories?post=4901"},{"taxonomy":"post_tag","embeddable":true,"href":"https:\/\/www.bakirkoyrotaract.org\/tr\/wp-json\/wp\/v2\/tags?post=4901"}],"curies":[{"name":"wp","href":"https:\/\/api.w.org\/{rel}","templated":true}]}}